{"id":1852,"date":"2026-04-16T08:33:35","date_gmt":"2026-04-16T08:33:35","guid":{"rendered":"https:\/\/agencyinfoconsult.info\/?p=1852"},"modified":"2026-04-16T09:32:37","modified_gmt":"2026-04-16T09:32:37","slug":"tranzitie-la-iso-140012026","status":"publish","type":"post","link":"https:\/\/agencyinfoconsult.info\/index.php\/2026\/04\/16\/tranzitie-la-iso-140012026\/","title":{"rendered":"Tranzitie la ISO 14001:2026"},"content":{"rendered":"\n<p class=\"wp-block-paragraph\">Lumea s-a schimbat, iar standardele interna\u021bionale evolueaz\u0103 odat\u0103 cu ea. Publicarea noii versiuni <strong>ISO 14001:2026<\/strong> marcheaz\u0103 un moment decisiv pentru to\u021bi profesioni\u0219tii din domeniul mediului. Nu este vorba doar de o simpl\u0103 actualizare administrativ\u0103, ci de o aliniere necesar\u0103 la noile realit\u0103\u021bi globale: criza climatic\u0103, sc\u0103derea accelerat\u0103 a biodiversit\u0103\u021bii \u0219i imperativul digitaliz\u0103rii.<\/p>\n\n\n\n<p class=\"wp-block-paragraph\">Dac\u0103 e\u0219ti deja certificat pe versiunea 2015, probabil te \u00eentrebi:<strong> <em>\u201eCe am de f\u0103cut acum? Trebuie s\u0103 o iau de la zero?\u201d<\/em><\/strong><\/p>\n\n\n\n<p class=\"wp-block-paragraph\">Vestea bun\u0103 este c\u0103 structura de nivel \u00eenalt r\u0103m\u00e2ne familiar\u0103, \u00eens\u0103 accentul se mut\u0103 de pe \u201econformarea pe h\u00e2rtie\u201d c\u0103tre <strong>impactul real, sustenabilitatea pe lan\u021bul valoric \u0219i responsabilitatea direct\u0103 a leadership-ului.<\/strong><\/p>\n\n\n\n<p class=\"wp-block-paragraph\">\u00cen seria de articole care urmeaz\u0103, am descompus principalele schimb\u0103ri pe fiecare clauz\u0103, oferind nu doar <strong>informa\u021bii cu privire la nout\u0103\u021bi<\/strong> ci \u0219i <strong>ac\u021biunile concrete<\/strong> pe care trebuie s\u0103 le implementeze organiza\u021bia ta pentru o tranzi\u021bie de succes:<\/p>\n\n\n\n<ul class=\"wp-block-list\">\n<li><strong>Contextul \u0219i Strategia (Clauza sau cerin\u021ba 4):<\/strong> Cum integr\u0103m schimb\u0103rile climatice \u0219i perspectiva ciclului de via\u021b\u0103.<\/li>\n\n\n\n<li><strong>Leadership activ (Clauza sau cerin\u021ba 5):<\/strong> De ce sustenabilitatea nu mai poate fi doar sarcina \u201eresponsabilului de mediu\u201d.<\/li>\n\n\n\n<li><strong>Planificare \u0219i Schimbare (Clauza sau cerin\u021ba 6):<\/strong> Introducerea obligatorie a Managementului Schimb\u0103rii.<\/li>\n\n\n\n<li><strong>Suport \u0219i Tehnologie (Clauza sau cerin\u021ba 7):<\/strong> Rolul solu\u021biilor digitale \u0219i al Inteligen\u021bei Artificiale \u00een monitorizare.<\/li>\n\n\n\n<li><strong>Opera\u021biuni Extinse (Clauza sau cerin\u021ba 8):<\/strong> Cum control\u0103m impactul furnizorilor \u0219i al partenerilor externi.<\/li>\n\n\n\n<li><strong>Performan\u021b\u0103 \u0219i \u00cembun\u0103t\u0103\u021bire (Clauzele sau cerin\u021bele 9 \u0219i 10):<\/strong> Audituri bazate pe obiective \u0219i o structur\u0103 nou\u0103 pentru analizele de management.<\/li>\n<\/ul>\n\n\n\n<p class=\"wp-block-paragraph\">Indiferent dac\u0103 e\u0219ti auditor intern, extern sau manager de mediu, acest ghid te va ajuta s\u0103 navighezi prin procesul de tranzi\u021bie rapid \u0219i eficient, transform\u00e2nd conformarea \u00eentr-un avantaj competitiv real.<\/p>\n\n\n\n<h2 class=\"wp-block-heading has-text-align-center\">Schimb\u0103ri \u00een cerin\u021ba 4 &#8211; CONTEXTUL ORGANIZA\u021aIEI<\/h2>\n\n\n\n<p class=\"wp-block-paragraph\">Noua versiune a standardului ISO 14001 nu mai trateaz\u0103 mediul ca pe un simplu fundal, ci ca pe un factor critic de business. Iat\u0103 punctele esen\u021biale pe care trebuie s\u0103 le \u0219tii despre <strong>Contextul Organiza\u021biei<\/strong>:<\/p>\n\n\n\n<p class=\"wp-block-paragraph\"><strong>1. Focus pe Clim\u0103 \u0219i Biodiversitate<\/strong> <\/p>\n\n\n\n<p class=\"wp-block-paragraph\">Dac\u0103 p\u00e2n\u0103 acum analizam contextul general, versiunea 2026 ne oblig\u0103 s\u0103 fim explici\u021bi. Trebuie s\u0103 evalu\u0103m cum <strong>schimb\u0103rile climatice<\/strong> \u0219i <strong>pierderea biodiversit\u0103\u021bii<\/strong> ne pot bloca opera\u021biunile \u0219i cum activitatea noastr\u0103 influen\u021beaz\u0103 aceste fenomene (Clauza 4.1).<\/p>\n\n\n\n<p class=\"wp-block-paragraph\"><strong>2. A\u0219tept\u0103ri noi de la P\u0103r\u021bile Interesate<\/strong> <\/p>\n\n\n\n<p class=\"wp-block-paragraph\">Vecinii, investitorii \u0219i autorit\u0103\u021bile au acum cerin\u021be specifice legate de performan\u021ba climatic\u0103 a companiei tale. Analiza p\u0103r\u021bilor interesate (Clauza 4.2) trebuie actualizat\u0103 pentru a include aceste noi a\u0219tept\u0103ri \u201everzi\u201d.<\/p>\n\n\n\n<p class=\"wp-block-paragraph\"><strong>3. Ciclul de Via\u021b\u0103 (Life Cycle) devine obligatoriu<\/strong> <\/p>\n\n\n\n<p class=\"wp-block-paragraph\">Nu ne mai uit\u0103m doar la ce se \u00eent\u00e2mpl\u0103 \u201e\u00eentre gardurile fabricii\u201d. Definirea domeniului de aplicare (Clauza 4.3) trece de la o simpl\u0103 evaluare la <strong>aplicarea activ\u0103<\/strong> a perspectivei ciclului de via\u021b\u0103 \u2013 de la materia prim\u0103 p\u00e2n\u0103 la eliminarea final\u0103 a produsului.<\/p>\n\n\n\n<h2 class=\"wp-block-heading\"><strong>Plan de ac\u021biune<\/strong><\/h2>\n\n\n\n<ul class=\"wp-block-list\">\n<li><strong>Actualizeaz\u0103 Analiza SWOT\/PESTEL<\/strong> pentru a include condi\u021biile climatice specifice.<\/li>\n\n\n\n<li><strong>Reevalueaz\u0103 harta p\u0103r\u021bilor interesate<\/strong> \u0219i noile lor cerin\u021be ecologice.<\/li>\n\n\n\n<li><strong>Revizuie\u0219te Declara\u021bia de Domeniu de Aplicare<\/strong> (Scope) pentru a te asigura c\u0103 acoperi ciclul de via\u021b\u0103 al produsului\/serviciului.<\/li>\n\n\n\n<li><strong>Asigur\u0103 disponibilitatea documentelor cheie<\/strong> pentru consultare.<\/li>\n<\/ul>\n\n\n\n<h2 class=\"wp-block-heading has-text-align-center\">Schimb\u0103ri \u00een cerin\u021ba 5: LEADERSHIP<\/h2>\n\n\n\n<p class=\"wp-block-paragraph\">Leadership-ul nu mai poate fi delegat. \u00cen noua versiune 2026, rolul managementului de la cel mai \u00eenalt nivel (Top Management) devine mult mai activ. S-a terminat epoca \u00een care \u201eResponsabilul de Mediu\u201d era singurul care se ocupa de SMM.<\/p>\n\n\n\n<p class=\"wp-block-paragraph\"><strong>1. Responsabilitatea final\u0103 e la v\u00e2rf<\/strong> <\/p>\n\n\n\n<p class=\"wp-block-paragraph\">De\u0219i execu\u021bia se deleag\u0103, <strong>r\u0103spunderea (accountability)<\/strong> r\u0103m\u00e2ne la directori. Ace\u0219tia trebuie s\u0103 demonstreze c\u0103 sunt implica\u021bi direct \u00een ob\u021binerea performan\u021bei de mediu \u0219i c\u0103 nu trateaz\u0103 standardul ca pe o simpl\u0103 formalitate birocratic\u0103.<\/p>\n\n\n\n<p class=\"wp-block-paragraph\"><strong>2. Suport pentru TOAT\u0102 echipa (nu doar pentru \u0219efi)<\/strong> <\/p>\n\n\n\n<p class=\"wp-block-paragraph\">Conducerea are acum datoria explicit\u0103 de a sus\u021bine <strong>toate rolurile relevante<\/strong> din companie (Clauza 5.1). Asta \u00eenseamn\u0103 c\u0103 \u0219i operatorul de la linie sau angajatul din depozit trebuie s\u0103 simt\u0103 sus\u021binerea managementului pentru ini\u021biativele de mediu.<\/p>\n\n\n\n<p class=\"wp-block-paragraph\"><strong>3. De la \u201ea bifa\u201d la \u201ea proteja\u201d<\/strong> <\/p>\n\n\n\n<p class=\"wp-block-paragraph\">Standardul trece la un limbaj mai ferm:<\/p>\n\n\n\n<ul class=\"wp-block-list\">\n<li><strong>\u201eMeeting compliance\u201d:<\/strong> Se pune accent pe atingerea \u0219i men\u021binerea efectiv\u0103 a conform\u0103rii.<\/li>\n\n\n\n<li><strong>Protec\u021bia ecosistemelor:<\/strong> Nu ne mai limit\u0103m la prevenirea polu\u0103rii; managementul trebuie s\u0103 promoveze activ <strong>conservarea resurselor<\/strong>.<\/li>\n<\/ul>\n\n\n\n<h3 class=\"wp-block-heading\">Plan de ac\u021biune<\/h3>\n\n\n\n<ul class=\"wp-block-list\">\n<li><strong>Revizuie\u0219te Politica de Mediu:<\/strong> Actualizeaz\u0103 terminologia (ex: folose\u0219te &#8220;\u00eendeplinirea obliga\u021biilor de conformare&#8221;) \u0219i include angajamente mai largi privind protec\u021bia ecosistemelor \u0219i ac\u021biunea climatic\u0103.<\/li>\n\n\n\n<li><strong>Asigur\u0103 Accesibilitatea:<\/strong> Politica de mediu nu trebuie s\u0103 stea \u00eentr-un dosar! Ea trebuie s\u0103 fie u\u0219or accesibil\u0103 tuturor p\u0103r\u021bilor interesate, at\u00e2t <strong>intern<\/strong> (angaja\u021bi), c\u00e2t \u0219i <strong>extern<\/strong> (site web, panouri, comunicate).<\/li>\n\n\n\n<li><strong>Sesiune de Instruire pentru Executiv:<\/strong> Organizeaz\u0103 o discu\u021bie scurt\u0103 cu Top Managementul pentru a te asigura c\u0103 \u00een\u021beleg noul lor rol. Ei trebuie s\u0103 \u0219tie c\u0103 auditul de certificare se va concentra acum mult mai mult pe interviul cu ei.<\/li>\n\n\n\n<li><strong>Demonstreaz\u0103 Implicarea:<\/strong> Documenteaz\u0103 modul \u00een care conducerea sus\u021bine diverse roluri din firm\u0103 \u00een atingerea obiectivelor de mediu.<\/li>\n<\/ul>\n\n\n\n<h2 class=\"wp-block-heading has-text-align-center\">Schimb\u0103ri \u00een cerin\u021ba 6: PLANIFICARE<\/h2>\n\n\n\n<p class=\"wp-block-paragraph\">Dac\u0103 \u00een versiunea 2015 planificarea era uneori l\u0103sat\u0103 la voia \u00eent\u00e2mpl\u0103rii, edi\u021bia 2026 introduce o rigoare aproape \u201emilitar\u0103\u201d. Schimbarea major\u0103? <strong>Managementul Schimb\u0103rii (6.3)<\/strong> devine pies\u0103 central\u0103.<\/p>\n\n\n\n<p class=\"wp-block-paragraph\"><strong>1. Adio, confuzie \u00eentre \u201eAnormal\u201d \u0219i \u201eUrgen\u021b\u0103\u201d<\/strong> P\u00e2n\u0103 acum, mul\u021bi puneau avariile \u0219i incendiile \u00een aceea\u0219i oal\u0103 cu pornirea\/oprirea utilajelor. <\/p>\n\n\n\n<p class=\"wp-block-paragraph\">\u00cen ISO 14001:2026, evaluarea aspectelor de mediu trebuie s\u0103 fac\u0103 distinc\u021bie clar\u0103 \u00eentre trei st\u0103ri:<\/p>\n\n\n\n<ul class=\"wp-block-list\">\n<li><strong>Normal<\/strong> (func\u021bionare de zi cu zi);<\/li>\n\n\n\n<li><strong>Anormal<\/strong> (mentenan\u021b\u0103, porniri, opriri);<\/li>\n\n\n\n<li><strong>Urgen\u021b\u0103<\/strong> (incendii, devers\u0103ri accidentale, catastrofe).<\/li>\n<\/ul>\n\n\n\n<p class=\"wp-block-paragraph\"><strong>2. O nou\u0103 structur\u0103 pentru Riscuri \u0219i Oportunit\u0103\u021bi<\/strong> Procesul de planificare se rupe \u00een doi pa\u0219i distinc\u021bi pentru o mai bun\u0103 trasabilitate: mai \u00eent\u00e2i identific\u0103m riguros (6.1.4), apoi demonstr\u0103m concret cum am planificat ac\u021biunile pentru ele (6.1.5).<\/p>\n\n\n\n<p class=\"wp-block-paragraph\"><strong>3. Premier\u0103: Managementul Schimb\u0103rii (Clauza 6.3)<\/strong> Aceasta este marea noutate. Orice schimbare \u00een organiza\u021bie (utilaje noi, procese noi, schimb\u0103ri de personal cheie) trebuie acum gestionat\u0103 printr-o procedur\u0103 structurat\u0103, pentru a ne asigura c\u0103 nu compromitem performan\u021ba de mediu.<\/p>\n\n\n\n<h3 class=\"wp-block-heading\">Plan de ac\u021biune<\/h3>\n\n\n\n<p class=\"wp-block-paragraph\">Actualizarea documenta\u021biei de planificare este prioritar\u0103 pentru a trece cu bine de auditul de tranzi\u021bie:<\/p>\n\n\n\n<ul class=\"wp-block-list\">\n<li><strong>Actualizeaz\u0103 Registrele:<\/strong> Revizuie\u0219te Registrul Aspectelor \u0219i Impacturilor de Mediu pentru a separa clar situa\u021biile de urgen\u021b\u0103 de cele anormale.<\/li>\n\n\n\n<li><strong>Restructureaz\u0103 Analiza de Risc:<\/strong> Modific\u0103 referin\u021bele c\u0103tre noile clauze (6.1.4 pentru identificare \u0219i 6.1.5 pentru planificarea ac\u021biunilor).<\/li>\n\n\n\n<li><strong>Implementeaz\u0103 Procedura de Management al Schimb\u0103rii:<\/strong> Introdu un proces structurat (conform 6.3) care s\u0103 evalueze impactul de mediu \u00eenainte de a face orice modificare major\u0103 \u00een firm\u0103.<\/li>\n\n\n\n<li><strong>Reevalueaz\u0103 indicatorii (KPIs):<\/strong> Verific\u0103 dac\u0103 obiectivele de mediu din Clauza 6.2 sunt \u00eenc\u0103 relevante \u00een contextul noilor cerin\u021be climatice \u0219i dac\u0103 modul de m\u0103surare este destul de precis.<\/li>\n<\/ul>\n\n\n\n<h3 class=\"wp-block-heading has-text-align-center\">Schimb\u0103ri \u00een cerin\u021ba 7 \u2013 SUPORT<\/h3>\n\n\n\n<p class=\"wp-block-paragraph\">Versiunea 2026 a standardului de mediu face oficial pasul c\u0103tre viitor. Nu mai vorbim doar de dosare cu h\u00e2rtii, ci de <strong>tehnologie<\/strong> \u0219i <strong>comunicare activ\u0103<\/strong>.<\/p>\n\n\n\n<p class=\"wp-block-paragraph\"><strong>1. Digitalizarea \u0219i IA intr\u0103 \u00een scen\u0103<\/strong> Standardul \u00eencurajeaz\u0103 acum oficial folosirea solu\u021biilor digitale. Fie c\u0103 folose\u0219ti senzori IoT pentru monitorizarea emisiilor \u00een timp real sau Inteligen\u021ba Artificial\u0103 pentru a optimiza consumul de resurse, ISO 14001:2026 sus\u021bine utilizarea tehnologiei pentru a cre\u0219te precizia datelor raportate.<\/p>\n\n\n\n<p class=\"wp-block-paragraph\"><strong>2. \u201eDisponibil\u201d, nu doar \u201eP\u0103strat\u201d<\/strong> O schimbare subtil\u0103 de terminologie, dar cu impact major: \u00eenregistr\u0103rile SMM trebuie s\u0103 fie <strong>disponibile<\/strong> (u\u0219or de accesat c\u00e2nd e nevoie), nu doar \u201emen\u021binute\u201d undeva \u00eentr-o arhiv\u0103 pr\u0103fuit\u0103. Se pune accent pe accesibilitatea informa\u021biei digitale.<\/p>\n\n\n\n<p class=\"wp-block-paragraph\"><strong>3. Comunicarea care d\u0103 putere angaja\u021bilor<\/strong> Comunicarea intern\u0103 nu mai este un sens unic (de la \u0219efi la subalterni). Conform Clauzei 7.4, procesul de comunicare trebuie s\u0103 \u00eei <strong>\u00eemputerniceasc\u0103<\/strong> pe angaja\u021bi. Ei trebuie s\u0103 aib\u0103 canale prin care s\u0103 vin\u0103 cu idei de \u00eembun\u0103t\u0103\u021bire \u0219i s\u0103 simt\u0103 c\u0103 vocea lor conteaz\u0103 \u00een protec\u021bia mediului.<\/p>\n\n\n\n<h3 class=\"wp-block-heading\">Plan de ac\u021biune<\/h3>\n\n\n\n<p class=\"wp-block-paragraph\">Este momentul s\u0103 modernizezi modul \u00een care echipa ta interac\u021bioneaz\u0103 cu sistemul de management:<\/p>\n\n\n\n<ul class=\"wp-block-list\">\n<li><strong>Actualizeaz\u0103 procesele de instruire:<\/strong> Asigur\u0103-te c\u0103 tot personalul relevant \u00een\u021belege noile cerin\u021be din 2026 \u0219i modul \u00een care rolul lor se schimb\u0103. Documenteaz\u0103 dovezile acestor instruiri.<\/li>\n\n\n\n<li><strong>Revizuie\u0219te canalele de comunicare:<\/strong> Verific\u0103 dac\u0103 angaja\u021bii \u0219i p\u0103r\u021bile externe au un mod transparent \u0219i trasabil de a comunica despre mediu.<\/li>\n\n\n\n<li><strong>Ajusteaz\u0103 terminologia:<\/strong> Modific\u0103 descrierile de proces din manuale \u0219i proceduri pentru a te alinia cu noii termeni (ex: de la \u201emen\u021binerea \u00eenregistr\u0103rilor\u201d la \u201easigurarea disponibilit\u0103\u021bii\u201d acestora).<\/li>\n\n\n\n<li><strong>Exploreaz\u0103 solu\u021bii tech:<\/strong> Dac\u0103 \u00eenc\u0103 folose\u0219ti tabele Excel manuale, evalueaz\u0103 dac\u0103 o solu\u021bie digital\u0103 de monitorizare nu ar fi mai eficient\u0103 pentru a r\u0103spunde noilor cerin\u021be de raportare \u00een timp real.<\/li>\n<\/ul>\n\n\n\n<h2 class=\"wp-block-heading has-text-align-center\">Schimb\u0103ri \u00een cerin\u021ba 8 &#8211; OPERARE<\/h2>\n\n\n\n<p class=\"wp-block-paragraph\">\u00cen versiunea 2026, nu mai po\u021bi spune c\u0103 \u201enu e problema noastr\u0103 ce face furnizorul\u201d. Standardul impune un control mult mai strict asupra impactului generat de partenerii externi.<\/p>\n\n\n\n<p class=\"wp-block-paragraph\"><strong>1. Control \u0219i Influen\u021b\u0103 (Upstream &amp; Downstream)<\/strong> Organiza\u021bia ta trebuie s\u0103 demonstreze c\u0103 influen\u021beaz\u0103 activ comportamentul de mediu al furnizorilor. Nu este vorba doar de achizi\u021bii, ci de evaluarea impactului pe tot fluxul: de la modul \u00een care sunt extrase materiile prime (amonte) p\u00e2n\u0103 la modul \u00een care produsul t\u0103u este eliminat de clientul final (aval).<\/p>\n\n\n\n<p class=\"wp-block-paragraph\"><strong>2. Terminologie nou\u0103: Servicii furnizate extern<\/strong> Conceptul de \u201eoutsourcing\u201d a fost l\u0103rgit. Acum vorbim despre orice proces, produs sau serviciu extern. Dac\u0103 acesta are un impact de mediu, tu e\u0219ti responsabil s\u0103 define\u0219ti \u0219i s\u0103 documentezi nivelul de control pe care \u00eel exerci\u021bi asupra lui.<\/p>\n\n\n\n<p class=\"wp-block-paragraph\"><strong>3. Urgen\u021bele sunt acum conectate cu Riscurile<\/strong> Preg\u0103tirea pentru situa\u021bii de urgen\u021b\u0103 (8.2) nu mai este o procedur\u0103 izolat\u0103. Ea trebuie s\u0103 fie oglinda perfect\u0103 a riscurilor identificate la Clauza 6.1.2. Dac\u0103 ai identificat un risc de inunda\u021bie din cauza schimb\u0103rilor climatice, planul de urgen\u021b\u0103 trebuie s\u0103 reflecte exact acest scenariu.<\/p>\n\n\n\n<h3 class=\"wp-block-heading\">Plan de ac\u021biune<\/h3>\n\n\n\n<p class=\"wp-block-paragraph\">Opera\u021biunile tale trebuie s\u0103 devin\u0103 \u201eomniprezente\u201d \u00een lan\u021bul valoric:<\/p>\n\n\n\n<ul class=\"wp-block-list\">\n<li><strong>Evalueaz\u0103 Furnizorii:<\/strong> Identific\u0103 toate procesele \u0219i produsele externe. Introdu criterii de mediu clare \u00een selec\u021bia \u0219i evaluarea periodic\u0103 a furnizorilor.<\/li>\n\n\n\n<li><strong>Define\u0219te Nivelul de Control:<\/strong> Documenteaz\u0103 clar: unde po\u021bi controla (prin contracte) \u0219i unde po\u021bi doar influen\u021ba (prin coduri de conduit\u0103 sau traininguri oferite furnizorilor).<\/li>\n\n\n\n<li><strong>Actualizeaz\u0103 Planurile de Urgen\u021b\u0103:<\/strong> Revizuie\u0219te planurile actuale de r\u0103spuns la urgen\u021be pentru a te asigura c\u0103 ele acoper\u0103 toate scenariile identificate \u00een analiza de risc de la Clauza 6.<\/li>\n\n\n\n<li><strong>Monitorizeaz\u0103 Performan\u021ba Extern\u0103:<\/strong> Nu te limita la a cere certificate ISO de la furnizori; verific\u0103 dovezi concrete ale performan\u021bei lor de mediu.<\/li>\n<\/ul>\n\n\n\n<h2 class=\"wp-block-heading has-text-align-center\">Schimb\u0103ri \u00een cerin\u021ba 9 &#8211; EVALUAREA PERFORMAN\u021aEI<\/h2>\n\n\n\n<p class=\"wp-block-paragraph\">\u00cen noua versiune, evaluarea performan\u021bei nu mai este doar despre colectarea de date, ci despre demonstrarea faptului c\u0103 sistemul t\u0103u chiar func\u021bioneaz\u0103. <\/p>\n\n\n\n<p class=\"wp-block-paragraph\">Modific\u0103rile aduse Clauzei 9 ofer\u0103 o structur\u0103 mult mai clar\u0103 pentru audituri \u0219i analize.<\/p>\n\n\n\n<ol class=\"wp-block-list\">\n<li><strong>Analiza Managementului (9.3) reorganizat\u0103:<\/strong> Procesul a fost spart \u00een trei sub-clauze distincte (<strong>9.3.1 Generalit\u0103\u021bi<\/strong>, <strong>9.3.2 Intr\u0103ri<\/strong>, <strong>9.3.3 Rezultate<\/strong>) pentru a asigura un traseu de audit clar \u0219i pentru a eviden\u021bia \u00eembun\u0103t\u0103\u021birile reale.<\/li>\n\n\n\n<li><strong>Eficacitatea SMM (9.1.1):<\/strong> Exist\u0103 acum o cerin\u021b\u0103 explicit\u0103 de a evalua nu doar indicatorii de mediu, ci \u0219i c\u00e2t de eficient este \u00eentregul sistem de management.<\/li>\n\n\n\n<li><strong>Obiective pentru Auditul Intern (9.2.2):<\/strong> Pe l\u00e2ng\u0103 domeniul \u0219i criteriile de audit, acum este obligatoriu s\u0103 define\u0219ti <strong>obiective specifice<\/strong> pentru fiecare audit intern.<\/li>\n<\/ol>\n\n\n\n<h3 class=\"wp-block-heading\">Plan de Ac\u021biune<\/h3>\n\n\n\n<ul class=\"wp-block-list\">\n<li><strong>Actualizeaz\u0103 Protocoalele de Audit:<\/strong> Include o sec\u021biune dedicat\u0103 obiectivelor \u00een planul t\u0103u de audit intern.<\/li>\n\n\n\n<li><strong>Revizuie\u0219te Analiza de Management:<\/strong> Adapteaz\u0103 formatul procesului-verbal pentru a reflecta noua structur\u0103 \u00een trei pa\u0219i (Intr\u0103ri, Proces, Rezultate).<\/li>\n\n\n\n<li><strong>M\u0103soar\u0103 Eficacitatea:<\/strong> Asigur\u0103-te c\u0103 rapoartele de performan\u021b\u0103 evalueaz\u0103 dac\u0103 sistemul \u0219i-a atins scopul, nu doar dac\u0103 s-au colectat datele la timp.<\/li>\n<\/ul>\n\n\n\n<h2 class=\"wp-block-heading has-text-align-center\">Schimb\u0103ri \u00een cerin\u021ba 10 &#8211;  \u00ceMBUN\u0102T\u0102\u021aIRE<\/h2>\n\n\n\n<p class=\"wp-block-paragraph\">\u00cembun\u0103t\u0103\u021birea continu\u0103 r\u0103m\u00e2ne inima standardului ISO 14001, \u00eens\u0103 versiunea 2026 simplific\u0103 structura \u0219i \u00eent\u0103re\u0219te leg\u0103tura dintre problemele identificate \u0219i ac\u021biunile luate.<\/p>\n\n\n\n<ol class=\"wp-block-list\">\n<li><strong>Integrarea Clauzei 10.3:<\/strong> Fosta clauz\u0103 dedicat\u0103 \u201e\u00cembun\u0103t\u0103\u021birii continue\u201d a fost eliminat\u0103 ca sec\u021biune de sine st\u0103t\u0103toare, con\u021binutul ei fiind acum absorbit direct \u00een <strong>10.1 (Generalit\u0103\u021bi)<\/strong> \u0219i <strong>10.2 (Neconformitate \u0219i ac\u021biune corectiv\u0103)<\/strong>.<\/li>\n\n\n\n<li><strong>Abordare structurat\u0103:<\/strong> Se pune un accent mai mare pe leg\u0103tura logic\u0103 \u00eentre constat\u0103rile din procesul de evaluare (Clauza 9) \u0219i ini\u021biativele de \u00eembun\u0103t\u0103\u021bire.<\/li>\n\n\n\n<li><strong>Focalizare pe Neconformit\u0103\u021bi:<\/strong> Procesul de gestionare a neconformit\u0103\u021bilor devine mai riguros, cer\u00e2nd o analiz\u0103 mai profund\u0103 a cauzelor.<\/li>\n<\/ol>\n\n\n\n<h3 class=\"wp-block-heading\">Plan de Ac\u021biune<\/h3>\n\n\n\n<ul class=\"wp-block-list\">\n<li><strong>\u00cent\u0103re\u0219te Analiza Cauzei R\u0103d\u0103cin\u0103 (Root-Cause):<\/strong> Revizuie\u0219te modul \u00een care echipa ta investigheaz\u0103 erorile; nu te opri la suprafa\u021b\u0103, caut\u0103 cauza sistemic\u0103.<\/li>\n\n\n\n<li><strong>Monitorizeaz\u0103 Trasabilitatea:<\/strong> Asigur\u0103-te c\u0103 po\u021bi demonstra clar cum o constatare de la audit sau dintr-o analiz\u0103 de date a dus la o ac\u021biune de \u00eembun\u0103t\u0103\u021bire concret\u0103.<\/li>\n\n\n\n<li><strong>Focus pe rezultate:<\/strong> Verific\u0103 dac\u0103 ac\u021biunile corective luate chiar au eliminat riscul de repeti\u021bie, evalu\u00e2nd din nou eficacitatea acestora dup\u0103 implementare.<\/li>\n<\/ul>\n\n\n\n<p class=\"wp-block-paragraph\">sursa<a href=\"https:\/\/www.iso9001help.co.uk\/Examples\/ISO-14001-2026-Change-Summary.pdf\"> ISO 14001:2026 Change Summary<\/a><\/p>\n","protected":false},"excerpt":{"rendered":"<p>Lumea s-a schimbat, iar standardele interna\u021bionale evolueaz\u0103 odat\u0103 cu ea. Publicarea noii versiuni ISO 14001:2026 marcheaz\u0103 un moment decisiv pentru to\u021bi profesioni\u0219tii din domeniul mediului. Nu este vorba doar de o simpl\u0103 actualizare administrativ\u0103, ci de o aliniere necesar\u0103 la noile realit\u0103\u021bi globale: criza climatic\u0103, sc\u0103derea accelerat\u0103 a biodiversit\u0103\u021bii \u0219i imperativul digitaliz\u0103rii. Dac\u0103 e\u0219ti deja&hellip;&nbsp;<\/p>\n","protected":false},"author":1,"featured_media":1857,"comment_status":"closed","ping_status":"closed","sticky":false,"template":"","format":"standard","meta":{"_eb_attr":"","_uag_custom_page_level_css":"","neve_meta_sidebar":"","neve_meta_container":"","neve_meta_enable_content_width":"","neve_meta_content_width":0,"neve_meta_title_alignment":"","neve_meta_author_avatar":"","neve_post_elements_order":"","neve_meta_disable_header":"","neve_meta_disable_footer":"","neve_meta_disable_title":"","_themeisle_gutenberg_block_has_review":false,"footnotes":""},"categories":[6],"tags":[88],"class_list":["post-1852","post","type-post","status-publish","format-standard","has-post-thumbnail","hentry","category-iso-14001","tag-tranzitie-iso-140012026"],"featured_image_src":"https:\/\/agencyinfoconsult.info\/wp-content\/uploads\/2026\/04\/protectie-mediu.png","author_info":{"display_name":"Laura LD","author_link":"https:\/\/agencyinfoconsult.info\/index.php\/author\/laurald\/"},"yoast_head":"<!-- This site is optimized with the Yoast SEO plugin v28.2 - https:\/\/yoast.com\/product\/yoast-seo-wordpress\/ -->\n<title>Tranzitie la ISO 14001:2026 - Agency Infoconsult<\/title>\n<meta name=\"description\" content=\"Lumea s-a schimbat, iar standardele interna\u021bionale evolueaz\u0103 odat\u0103 cu ea. Publicarea noii versiuni ISO 14001:2026 marcheaz\u0103 un moment decisiv\" \/>\n<meta name=\"robots\" content=\"index, follow, max-snippet:-1, max-image-preview:large, max-video-preview:-1\" \/>\n<link rel=\"canonical\" href=\"https:\/\/agencyinfoconsult.info\/index.php\/2026\/04\/16\/tranzitie-la-iso-140012026\/\" \/>\n<meta property=\"og:locale\" content=\"en_US\" \/>\n<meta property=\"og:type\" content=\"article\" \/>\n<meta property=\"og:title\" content=\"Tranzitie la ISO 14001:2026 - Agency Infoconsult\" \/>\n<meta property=\"og:description\" content=\"Lumea s-a schimbat, iar standardele interna\u021bionale evolueaz\u0103 odat\u0103 cu ea. Publicarea noii versiuni ISO 14001:2026 marcheaz\u0103 un moment decisiv\" \/>\n<meta property=\"og:url\" content=\"https:\/\/agencyinfoconsult.info\/index.php\/2026\/04\/16\/tranzitie-la-iso-140012026\/\" \/>\n<meta property=\"og:site_name\" content=\"Agency Infoconsult\" \/>\n<meta property=\"article:published_time\" content=\"2026-04-16T08:33:35+00:00\" \/>\n<meta property=\"article:modified_time\" content=\"2026-04-16T09:32:37+00:00\" \/>\n<meta property=\"og:image\" content=\"https:\/\/agencyinfoconsult.info\/wp-content\/uploads\/2026\/04\/protectie-mediu.png\" \/>\n\t<meta property=\"og:image:width\" content=\"452\" \/>\n\t<meta property=\"og:image:height\" content=\"301\" \/>\n\t<meta property=\"og:image:type\" content=\"image\/png\" \/>\n<meta name=\"author\" content=\"Laura LD\" \/>\n<meta name=\"twitter:card\" content=\"summary_large_image\" \/>\n<meta name=\"twitter:label1\" content=\"Written by\" \/>\n\t<meta name=\"twitter:data1\" content=\"Laura LD\" \/>\n\t<meta name=\"twitter:label2\" content=\"Est. reading time\" \/>\n\t<meta name=\"twitter:data2\" content=\"9 minutes\" \/>\n<script type=\"application\/ld+json\" class=\"yoast-schema-graph\">{\"@context\":\"https:\\\/\\\/schema.org\",\"@graph\":[{\"@type\":\"Article\",\"@id\":\"https:\\\/\\\/agencyinfoconsult.info\\\/index.php\\\/2026\\\/04\\\/16\\\/tranzitie-la-iso-140012026\\\/#article\",\"isPartOf\":{\"@id\":\"https:\\\/\\\/agencyinfoconsult.info\\\/index.php\\\/2026\\\/04\\\/16\\\/tranzitie-la-iso-140012026\\\/\"},\"author\":{\"name\":\"Laura LD\",\"@id\":\"https:\\\/\\\/agencyinfoconsult.info\\\/#\\\/schema\\\/person\\\/bb94f6fff51bd6d1e1157ac36986ebcb\"},\"headline\":\"Tranzitie la ISO 14001:2026\",\"datePublished\":\"2026-04-16T08:33:35+00:00\",\"dateModified\":\"2026-04-16T09:32:37+00:00\",\"mainEntityOfPage\":{\"@id\":\"https:\\\/\\\/agencyinfoconsult.info\\\/index.php\\\/2026\\\/04\\\/16\\\/tranzitie-la-iso-140012026\\\/\"},\"wordCount\":2182,\"publisher\":{\"@id\":\"https:\\\/\\\/agencyinfoconsult.info\\\/#\\\/schema\\\/person\\\/bb94f6fff51bd6d1e1157ac36986ebcb\"},\"image\":{\"@id\":\"https:\\\/\\\/agencyinfoconsult.info\\\/index.php\\\/2026\\\/04\\\/16\\\/tranzitie-la-iso-140012026\\\/#primaryimage\"},\"thumbnailUrl\":\"https:\\\/\\\/agencyinfoconsult.info\\\/wp-content\\\/uploads\\\/2026\\\/04\\\/protectie-mediu.png\",\"keywords\":[\"Tranzi\u021bie ISO 14001:2026\"],\"articleSection\":[\"ISO 14001\"],\"inLanguage\":\"en-US\"},{\"@type\":\"WebPage\",\"@id\":\"https:\\\/\\\/agencyinfoconsult.info\\\/index.php\\\/2026\\\/04\\\/16\\\/tranzitie-la-iso-140012026\\\/\",\"url\":\"https:\\\/\\\/agencyinfoconsult.info\\\/index.php\\\/2026\\\/04\\\/16\\\/tranzitie-la-iso-140012026\\\/\",\"name\":\"Tranzitie la ISO 14001:2026 - Agency Infoconsult\",\"isPartOf\":{\"@id\":\"https:\\\/\\\/agencyinfoconsult.info\\\/#website\"},\"primaryImageOfPage\":{\"@id\":\"https:\\\/\\\/agencyinfoconsult.info\\\/index.php\\\/2026\\\/04\\\/16\\\/tranzitie-la-iso-140012026\\\/#primaryimage\"},\"image\":{\"@id\":\"https:\\\/\\\/agencyinfoconsult.info\\\/index.php\\\/2026\\\/04\\\/16\\\/tranzitie-la-iso-140012026\\\/#primaryimage\"},\"thumbnailUrl\":\"https:\\\/\\\/agencyinfoconsult.info\\\/wp-content\\\/uploads\\\/2026\\\/04\\\/protectie-mediu.png\",\"datePublished\":\"2026-04-16T08:33:35+00:00\",\"dateModified\":\"2026-04-16T09:32:37+00:00\",\"description\":\"Lumea s-a schimbat, iar standardele interna\u021bionale evolueaz\u0103 odat\u0103 cu ea. Publicarea noii versiuni ISO 14001:2026 marcheaz\u0103 un moment decisiv\",\"breadcrumb\":{\"@id\":\"https:\\\/\\\/agencyinfoconsult.info\\\/index.php\\\/2026\\\/04\\\/16\\\/tranzitie-la-iso-140012026\\\/#breadcrumb\"},\"inLanguage\":\"en-US\",\"potentialAction\":[{\"@type\":\"ReadAction\",\"target\":[\"https:\\\/\\\/agencyinfoconsult.info\\\/index.php\\\/2026\\\/04\\\/16\\\/tranzitie-la-iso-140012026\\\/\"]}]},{\"@type\":\"ImageObject\",\"inLanguage\":\"en-US\",\"@id\":\"https:\\\/\\\/agencyinfoconsult.info\\\/index.php\\\/2026\\\/04\\\/16\\\/tranzitie-la-iso-140012026\\\/#primaryimage\",\"url\":\"https:\\\/\\\/agencyinfoconsult.info\\\/wp-content\\\/uploads\\\/2026\\\/04\\\/protectie-mediu.png\",\"contentUrl\":\"https:\\\/\\\/agencyinfoconsult.info\\\/wp-content\\\/uploads\\\/2026\\\/04\\\/protectie-mediu.png\",\"width\":452,\"height\":301},{\"@type\":\"BreadcrumbList\",\"@id\":\"https:\\\/\\\/agencyinfoconsult.info\\\/index.php\\\/2026\\\/04\\\/16\\\/tranzitie-la-iso-140012026\\\/#breadcrumb\",\"itemListElement\":[{\"@type\":\"ListItem\",\"position\":1,\"name\":\"Home\",\"item\":\"https:\\\/\\\/agencyinfoconsult.info\\\/\"},{\"@type\":\"ListItem\",\"position\":2,\"name\":\"Tranzitie la ISO 14001:2026\"}]},{\"@type\":\"WebSite\",\"@id\":\"https:\\\/\\\/agencyinfoconsult.info\\\/#website\",\"url\":\"https:\\\/\\\/agencyinfoconsult.info\\\/\",\"name\":\"Agency Infoconsult\",\"description\":\"Consultanta Sisteme de Management\",\"publisher\":{\"@id\":\"https:\\\/\\\/agencyinfoconsult.info\\\/#\\\/schema\\\/person\\\/bb94f6fff51bd6d1e1157ac36986ebcb\"},\"potentialAction\":[{\"@type\":\"SearchAction\",\"target\":{\"@type\":\"EntryPoint\",\"urlTemplate\":\"https:\\\/\\\/agencyinfoconsult.info\\\/?s={search_term_string}\"},\"query-input\":{\"@type\":\"PropertyValueSpecification\",\"valueRequired\":true,\"valueName\":\"search_term_string\"}}],\"inLanguage\":\"en-US\"},{\"@type\":[\"Person\",\"Organization\"],\"@id\":\"https:\\\/\\\/agencyinfoconsult.info\\\/#\\\/schema\\\/person\\\/bb94f6fff51bd6d1e1157ac36986ebcb\",\"name\":\"Laura LD\",\"image\":{\"@type\":\"ImageObject\",\"inLanguage\":\"en-US\",\"@id\":\"https:\\\/\\\/agencyinfoconsult.info\\\/wp-content\\\/uploads\\\/2019\\\/02\\\/1.jpg\",\"url\":\"https:\\\/\\\/agencyinfoconsult.info\\\/wp-content\\\/uploads\\\/2019\\\/02\\\/1.jpg\",\"contentUrl\":\"https:\\\/\\\/agencyinfoconsult.info\\\/wp-content\\\/uploads\\\/2019\\\/02\\\/1.jpg\",\"width\":133,\"height\":117,\"caption\":\"Laura LD\"},\"logo\":{\"@id\":\"https:\\\/\\\/agencyinfoconsult.info\\\/wp-content\\\/uploads\\\/2019\\\/02\\\/1.jpg\"}}]}<\/script>\n<!-- \/ Yoast SEO plugin. -->","yoast_head_json":{"title":"Tranzitie la ISO 14001:2026 - Agency Infoconsult","description":"Lumea s-a schimbat, iar standardele interna\u021bionale evolueaz\u0103 odat\u0103 cu ea. Publicarea noii versiuni ISO 14001:2026 marcheaz\u0103 un moment decisiv","robots":{"index":"index","follow":"follow","max-snippet":"max-snippet:-1","max-image-preview":"max-image-preview:large","max-video-preview":"max-video-preview:-1"},"canonical":"https:\/\/agencyinfoconsult.info\/index.php\/2026\/04\/16\/tranzitie-la-iso-140012026\/","og_locale":"en_US","og_type":"article","og_title":"Tranzitie la ISO 14001:2026 - Agency Infoconsult","og_description":"Lumea s-a schimbat, iar standardele interna\u021bionale evolueaz\u0103 odat\u0103 cu ea. Publicarea noii versiuni ISO 14001:2026 marcheaz\u0103 un moment decisiv","og_url":"https:\/\/agencyinfoconsult.info\/index.php\/2026\/04\/16\/tranzitie-la-iso-140012026\/","og_site_name":"Agency Infoconsult","article_published_time":"2026-04-16T08:33:35+00:00","article_modified_time":"2026-04-16T09:32:37+00:00","og_image":[{"width":452,"height":301,"url":"https:\/\/agencyinfoconsult.info\/wp-content\/uploads\/2026\/04\/protectie-mediu.png","type":"image\/png"}],"author":"Laura LD","twitter_card":"summary_large_image","twitter_misc":{"Written by":"Laura LD","Est. reading time":"9 minutes"},"schema":{"@context":"https:\/\/schema.org","@graph":[{"@type":"Article","@id":"https:\/\/agencyinfoconsult.info\/index.php\/2026\/04\/16\/tranzitie-la-iso-140012026\/#article","isPartOf":{"@id":"https:\/\/agencyinfoconsult.info\/index.php\/2026\/04\/16\/tranzitie-la-iso-140012026\/"},"author":{"name":"Laura LD","@id":"https:\/\/agencyinfoconsult.info\/#\/schema\/person\/bb94f6fff51bd6d1e1157ac36986ebcb"},"headline":"Tranzitie la ISO 14001:2026","datePublished":"2026-04-16T08:33:35+00:00","dateModified":"2026-04-16T09:32:37+00:00","mainEntityOfPage":{"@id":"https:\/\/agencyinfoconsult.info\/index.php\/2026\/04\/16\/tranzitie-la-iso-140012026\/"},"wordCount":2182,"publisher":{"@id":"https:\/\/agencyinfoconsult.info\/#\/schema\/person\/bb94f6fff51bd6d1e1157ac36986ebcb"},"image":{"@id":"https:\/\/agencyinfoconsult.info\/index.php\/2026\/04\/16\/tranzitie-la-iso-140012026\/#primaryimage"},"thumbnailUrl":"https:\/\/agencyinfoconsult.info\/wp-content\/uploads\/2026\/04\/protectie-mediu.png","keywords":["Tranzi\u021bie ISO 14001:2026"],"articleSection":["ISO 14001"],"inLanguage":"en-US"},{"@type":"WebPage","@id":"https:\/\/agencyinfoconsult.info\/index.php\/2026\/04\/16\/tranzitie-la-iso-140012026\/","url":"https:\/\/agencyinfoconsult.info\/index.php\/2026\/04\/16\/tranzitie-la-iso-140012026\/","name":"Tranzitie la ISO 14001:2026 - Agency Infoconsult","isPartOf":{"@id":"https:\/\/agencyinfoconsult.info\/#website"},"primaryImageOfPage":{"@id":"https:\/\/agencyinfoconsult.info\/index.php\/2026\/04\/16\/tranzitie-la-iso-140012026\/#primaryimage"},"image":{"@id":"https:\/\/agencyinfoconsult.info\/index.php\/2026\/04\/16\/tranzitie-la-iso-140012026\/#primaryimage"},"thumbnailUrl":"https:\/\/agencyinfoconsult.info\/wp-content\/uploads\/2026\/04\/protectie-mediu.png","datePublished":"2026-04-16T08:33:35+00:00","dateModified":"2026-04-16T09:32:37+00:00","description":"Lumea s-a schimbat, iar standardele interna\u021bionale evolueaz\u0103 odat\u0103 cu ea. Publicarea noii versiuni ISO 14001:2026 marcheaz\u0103 un moment decisiv","breadcrumb":{"@id":"https:\/\/agencyinfoconsult.info\/index.php\/2026\/04\/16\/tranzitie-la-iso-140012026\/#breadcrumb"},"inLanguage":"en-US","potentialAction":[{"@type":"ReadAction","target":["https:\/\/agencyinfoconsult.info\/index.php\/2026\/04\/16\/tranzitie-la-iso-140012026\/"]}]},{"@type":"ImageObject","inLanguage":"en-US","@id":"https:\/\/agencyinfoconsult.info\/index.php\/2026\/04\/16\/tranzitie-la-iso-140012026\/#primaryimage","url":"https:\/\/agencyinfoconsult.info\/wp-content\/uploads\/2026\/04\/protectie-mediu.png","contentUrl":"https:\/\/agencyinfoconsult.info\/wp-content\/uploads\/2026\/04\/protectie-mediu.png","width":452,"height":301},{"@type":"BreadcrumbList","@id":"https:\/\/agencyinfoconsult.info\/index.php\/2026\/04\/16\/tranzitie-la-iso-140012026\/#breadcrumb","itemListElement":[{"@type":"ListItem","position":1,"name":"Home","item":"https:\/\/agencyinfoconsult.info\/"},{"@type":"ListItem","position":2,"name":"Tranzitie la ISO 14001:2026"}]},{"@type":"WebSite","@id":"https:\/\/agencyinfoconsult.info\/#website","url":"https:\/\/agencyinfoconsult.info\/","name":"Agency Infoconsult","description":"Consultanta Sisteme de Management","publisher":{"@id":"https:\/\/agencyinfoconsult.info\/#\/schema\/person\/bb94f6fff51bd6d1e1157ac36986ebcb"},"potentialAction":[{"@type":"SearchAction","target":{"@type":"EntryPoint","urlTemplate":"https:\/\/agencyinfoconsult.info\/?s={search_term_string}"},"query-input":{"@type":"PropertyValueSpecification","valueRequired":true,"valueName":"search_term_string"}}],"inLanguage":"en-US"},{"@type":["Person","Organization"],"@id":"https:\/\/agencyinfoconsult.info\/#\/schema\/person\/bb94f6fff51bd6d1e1157ac36986ebcb","name":"Laura LD","image":{"@type":"ImageObject","inLanguage":"en-US","@id":"https:\/\/agencyinfoconsult.info\/wp-content\/uploads\/2019\/02\/1.jpg","url":"https:\/\/agencyinfoconsult.info\/wp-content\/uploads\/2019\/02\/1.jpg","contentUrl":"https:\/\/agencyinfoconsult.info\/wp-content\/uploads\/2019\/02\/1.jpg","width":133,"height":117,"caption":"Laura LD"},"logo":{"@id":"https:\/\/agencyinfoconsult.info\/wp-content\/uploads\/2019\/02\/1.jpg"}}]}},"uagb_featured_image_src":{"full":["https:\/\/agencyinfoconsult.info\/wp-content\/uploads\/2026\/04\/protectie-mediu.png",452,301,false],"thumbnail":["https:\/\/agencyinfoconsult.info\/wp-content\/uploads\/2026\/04\/protectie-mediu-150x150.png",150,150,true],"medium":["https:\/\/agencyinfoconsult.info\/wp-content\/uploads\/2026\/04\/protectie-mediu-300x200.png",300,200,true],"medium_large":["https:\/\/agencyinfoconsult.info\/wp-content\/uploads\/2026\/04\/protectie-mediu.png",452,301,false],"large":["https:\/\/agencyinfoconsult.info\/wp-content\/uploads\/2026\/04\/protectie-mediu.png",452,301,false],"1536x1536":["https:\/\/agencyinfoconsult.info\/wp-content\/uploads\/2026\/04\/protectie-mediu.png",452,301,false],"2048x2048":["https:\/\/agencyinfoconsult.info\/wp-content\/uploads\/2026\/04\/protectie-mediu.png",452,301,false],"neve-blog":["https:\/\/agencyinfoconsult.info\/wp-content\/uploads\/2026\/04\/protectie-mediu.png",452,301,false]},"uagb_author_info":{"display_name":"Laura LD","author_link":"https:\/\/agencyinfoconsult.info\/index.php\/author\/laurald\/"},"uagb_comment_info":0,"uagb_excerpt":"Lumea s-a schimbat, iar standardele interna\u021bionale evolueaz\u0103 odat\u0103 cu ea. Publicarea noii versiuni ISO 14001:2026 marcheaz\u0103 un moment decisiv pentru to\u021bi profesioni\u0219tii din domeniul mediului. Nu este vorba doar de o simpl\u0103 actualizare administrativ\u0103, ci de o aliniere necesar\u0103 la noile realit\u0103\u021bi globale: criza climatic\u0103, sc\u0103derea accelerat\u0103 a biodiversit\u0103\u021bii \u0219i imperativul digitaliz\u0103rii. Dac\u0103 e\u0219ti deja&hellip;&nbsp;","_links":{"self":[{"href":"https:\/\/agencyinfoconsult.info\/index.php\/wp-json\/wp\/v2\/posts\/1852","targetHints":{"allow":["GET"]}}],"collection":[{"href":"https:\/\/agencyinfoconsult.info\/index.php\/wp-json\/wp\/v2\/posts"}],"about":[{"href":"https:\/\/agencyinfoconsult.info\/index.php\/wp-json\/wp\/v2\/types\/post"}],"author":[{"embeddable":true,"href":"https:\/\/agencyinfoconsult.info\/index.php\/wp-json\/wp\/v2\/users\/1"}],"replies":[{"embeddable":true,"href":"https:\/\/agencyinfoconsult.info\/index.php\/wp-json\/wp\/v2\/comments?post=1852"}],"version-history":[{"count":4,"href":"https:\/\/agencyinfoconsult.info\/index.php\/wp-json\/wp\/v2\/posts\/1852\/revisions"}],"predecessor-version":[{"id":1859,"href":"https:\/\/agencyinfoconsult.info\/index.php\/wp-json\/wp\/v2\/posts\/1852\/revisions\/1859"}],"wp:featuredmedia":[{"embeddable":true,"href":"https:\/\/agencyinfoconsult.info\/index.php\/wp-json\/wp\/v2\/media\/1857"}],"wp:attachment":[{"href":"https:\/\/agencyinfoconsult.info\/index.php\/wp-json\/wp\/v2\/media?parent=1852"}],"wp:term":[{"taxonomy":"category","embeddable":true,"href":"https:\/\/agencyinfoconsult.info\/index.php\/wp-json\/wp\/v2\/categories?post=1852"},{"taxonomy":"post_tag","embeddable":true,"href":"https:\/\/agencyinfoconsult.info\/index.php\/wp-json\/wp\/v2\/tags?post=1852"}],"curies":[{"name":"wp","href":"https:\/\/api.w.org\/{rel}","templated":true}]}}